{"id":25652,"date":"2026-06-29T09:15:51","date_gmt":"2026-06-29T09:15:51","guid":{"rendered":"https:\/\/www.centre-ortho.ch\/?p=25652"},"modified":"2026-07-09T13:02:19","modified_gmt":"2026-07-09T13:02:19","slug":"lapport-de-la-medecine-manuelle-dans-une-prise-en-charge-globale","status":"publish","type":"post","link":"https:\/\/www.centre-ortho.ch\/en\/lapport-de-la-medecine-manuelle-dans-une-prise-en-charge-globale\/","title":{"rendered":"M\u00e9decine du sport et m\u00e9decine manuelle: une approche globale du patient"},"content":{"rendered":"<div data-elementor-type=\"wp-post\" data-elementor-id=\"25652\" class=\"elementor elementor-25652\" data-elementor-post-type=\"post\">\n\t\t\t\t<div class=\"elementor-element elementor-element-c161368 e-con-full e-flex e-con e-parent\" data-id=\"c161368\" data-element_type=\"container\" data-e-type=\"container\">\n\t\t<div class=\"elementor-element elementor-element-4fe901e e-flex e-con-boxed e-con e-child\" data-id=\"4fe901e\" data-element_type=\"container\" data-e-type=\"container\" data-settings=\"{&quot;background_background&quot;:&quot;classic&quot;}\">\n\t\t\t\t\t<div class=\"e-con-inner\">\n\t\t\t\t<div class=\"elementor-element elementor-element-1edd79e elementor-widget elementor-widget-breadcrumbs\" data-id=\"1edd79e\" data-element_type=\"widget\" data-e-type=\"widget\" data-widget_type=\"breadcrumbs.default\">\n\t\t\t\t<div class=\"elementor-widget-container\">\n\t\t\t\t\t<nav aria-label=\"breadcrumbs\" class=\"rank-math-breadcrumb\"><p><span class=\"last\">Welcome<\/span><\/p><\/nav>\t\t\t\t<\/div>\n\t\t\t\t<\/div>\n\t\t\t\t\t<\/div>\n\t\t\t\t<\/div>\n\t\t<div class=\"elementor-element elementor-element-25ceac6 e-flex e-con-boxed e-con e-child\" data-id=\"25ceac6\" data-element_type=\"container\" data-e-type=\"container\">\n\t\t\t\t\t<div class=\"e-con-inner\">\n\t\t<div class=\"elementor-element elementor-element-787a1d2 e-con-full e-flex e-con e-child\" data-id=\"787a1d2\" data-element_type=\"container\" data-e-type=\"container\" data-settings=\"{&quot;background_background&quot;:&quot;classic&quot;}\">\n\t\t\t\t<\/div>\n\t\t\t\t\t<\/div>\n\t\t\t\t<\/div>\n\t\t<div class=\"elementor-element elementor-element-e681820 e-flex e-con-boxed e-con e-child\" data-id=\"e681820\" data-element_type=\"container\" data-e-type=\"container\">\n\t\t\t\t\t<div class=\"e-con-inner\">\n\t\t\t\t<div class=\"elementor-element elementor-element-dad172c elementor-widget elementor-widget-post-info\" data-id=\"dad172c\" data-element_type=\"widget\" data-e-type=\"widget\" data-widget_type=\"post-info.default\">\n\t\t\t\t\t\t\t<ul class=\"elementor-inline-items elementor-icon-list-items elementor-post-info\">\n\t\t\t\t\t\t\t\t<li class=\"elementor-icon-list-item elementor-repeater-item-bcc3aa0 elementor-inline-item\" itemprop=\"about\">\n\t\t\t\t\t\t\t\t\t\t\t\t\t<span class=\"elementor-icon-list-text elementor-post-info__item elementor-post-info__item--type-terms\">\n\t\t\t\t\t\t\t\t\t\t<span class=\"elementor-post-info__terms-list\">\n\t\t\t\t<span class=\"elementor-post-info__terms-list-item\">Our doctors speak out<\/span>\t\t\t\t<\/span>\n\t\t\t\t\t<\/span>\n\t\t\t\t\t\t\t\t<\/li>\n\t\t\t\t<\/ul>\n\t\t\t\t\t\t<\/div>\n\t\t\t\t<div class=\"elementor-element elementor-element-93344db elementor-widget elementor-widget-heading\" data-id=\"93344db\" data-element_type=\"widget\" data-e-type=\"widget\" data-widget_type=\"heading.default\">\n\t\t\t\t\t<h1 class=\"elementor-heading-title elementor-size-default\">M\u00e9decine du sport et m\u00e9decine manuelle: une approche globale du patient<\/h1>\t\t\t\t<\/div>\n\t\t\t\t<div class=\"elementor-element elementor-element-394358c elementor-widget elementor-widget-text-editor\" data-id=\"394358c\" data-element_type=\"widget\" data-e-type=\"widget\" data-widget_type=\"text-editor.default\">\n\t\t\t\t\t\t\t\t\t<div class=\"x_x_elementToProof\"><span>En compl\u00e9ment de ma formation en m\u00e9decine du sport et en r\u00e9adaptation, je suis dipl\u00f4m\u00e9e en <\/span><b>m\u00e9decine manuelle<\/b><span>, une discipline m\u00e9dicale fond\u00e9e sur l&rsquo;examen clinique et int\u00e9gr\u00e9e \u00e0 la prise en charge des pathologies de l&rsquo;appareil locomoteur.<\/span><\/div><div>\u00a0<\/div><div class=\"x_x_elementToProof\"><span>La m\u00e9decine manuelle repose sur une \u00e9valuation m\u00e9dicale rigoureuse permettant d&rsquo;identifier les dysfonctions m\u00e9caniques responsables de la douleur et des limitations fonctionnelles. Elle associe, selon les indications, des techniques de mobilisation ou de manipulation articulaire et des tissus mous \u00e0 une prise en charge globale comprenant l&rsquo;\u00e9ducation du patient, les exercices th\u00e9rapeutiques, le traitement m\u00e9dicamenteux si n\u00e9cessaire, les infiltrations, les examens compl\u00e9mentaires et la r\u00e9\u00e9ducation. Elle ne se substitue pas aux autres traitements, mais s&rsquo;int\u00e8gre dans une strat\u00e9gie th\u00e9rapeutique multimodale conforme aux recommandations actuelles.<\/span><\/div><div>\u00a0<\/div><div class=\"x_x_elementToProof\"><span>Les donn\u00e9es scientifiques soutiennent l&rsquo;utilisation de la m\u00e9decine manuelle pour plusieurs affections musculosquelettiques fr\u00e9quentes, notamment les lombalgies aigu\u00ebs et chroniques, certaines cervicalgies, les c\u00e9phal\u00e9es cervicog\u00e8nes ainsi que certaines pathologies de l&rsquo;\u00e9paule, lorsqu&rsquo;elle est propos\u00e9e chez des patients soigneusement s\u00e9lectionn\u00e9s et associ\u00e9e \u00e0 un programme d&rsquo;exercices et d&rsquo;\u00e9ducation th\u00e9rapeutique (Bronfort et al., 2010 ; Clar et al., 2014). Ces revues syst\u00e9matiques soulignent \u00e9galement que la m\u00e9decine manuelle doit \u00eatre pratiqu\u00e9e apr\u00e8s un diagnostic m\u00e9dical complet et dans le respect des indications et contre-indications, les preuves \u00e9tant plus limit\u00e9es pour d&rsquo;autres pathologies.<\/span><\/div><div>\u00a0<\/div><div><span>Au quotidien, cette double comp\u00e9tence en m\u00e9decine du sport et en m\u00e9decine manuelle enrichit ma d\u00e9marche diagnostique et me permet de proposer un traitement personnalis\u00e9 d\u00e8s la consultation. Selon la situation clinique, la prise en charge peut associer traitement manuel, r\u00e9\u00e9ducation, adaptation de l&rsquo;activit\u00e9 physique, traitement infiltratif ou examens compl\u00e9mentaires, en collaboration avec les diff\u00e9rents sp\u00e9cialistes du centre orthop\u00e9dique afin d&rsquo;offrir au patient une prise en charge coh\u00e9rente, fond\u00e9e sur les donn\u00e9es actuelles de la science.<\/span><\/div><div>\u00a0<\/div><div><div class=\"elementToProof\"><b>R\u00e9f\u00e9rences<\/b><\/div><ul data-spread=\"false\"><li><a href=\"https:\/\/www.centre-ortho.ch\/wp-content\/uploads\/2026\/07\/Article-medecine-manuelle-1.pdf\" target=\"_blank\" rel=\"noopener\">Bronfort G, Haas M, Evans R, et al. <i>Effectiveness of manual therapies: the UK evidence report.<\/i>\u00a0Chiropractic &amp; Osteopathy. 2010;18:3.<\/a><\/li><li><a href=\"https:\/\/www.centre-ortho.ch\/wp-content\/uploads\/2026\/07\/Article-medecine-manuelle-2.pdf\" target=\"_blank\" rel=\"noopener\">Clar C, Tsertsvadze A, Court R, et al. <i>Clinical effectiveness of manual therapy for the management of musculoskeletal and non-musculoskeletal conditions: systematic review and update of UK evidence report.<\/i>\u00a0Chiropractic &amp; Manual Therapies. 2014;22:12.<\/a><\/li><\/ul><\/div><div>\u00a0<\/div>\t\t\t\t\t\t\t\t<\/div>\n\t\t\t\t<div class=\"elementor-element elementor-element-da8d22b elementor-hidden-desktop elementor-hidden-tablet elementor-hidden-mobile aleft elementor-widget-icon-box wgl-icon-box wgl-view-default button-left elementor-widget elementor-widget-wgl-infobox\" data-id=\"da8d22b\" data-element_type=\"widget\" data-e-type=\"widget\" data-widget_type=\"wgl-infobox.default\">\n\t\t\t\t<div class=\"elementor-widget-container\">\n\t\t\t\t\t<div class=\"wgl-infobox_bg_wrapper\"><\/div><div class=\"wgl-infobox\"><div class=\"wgl-infobox_wrapper wgl-layout-left\"><span class=\"media-wrapper icon-wrapper\"><span class=\"wgl-icon\" ><span class=\"icon elementor-icon\"><svg xmlns=\"http:\/\/www.w3.org\/2000\/svg\" height=\"24px\" viewbox=\"0 -960 960 960\" width=\"24px\" fill=\"#1f1f1f\"><path d=\"m480-80-10-120h-10q-142 0-241-99t-99-241q0-142 99-241t241-99q71 0 132.5 26.5t108 73q46.5 46.5 73 108T800-540q0 75-24.5 144t-67 128q-42.5 59-101 107T480-80Zm80-146q71-60 115.5-140.5T720-540q0-109-75.5-184.5T460-800q-109 0-184.5 75.5T200-540q0 109 75.5 184.5T460-280h100v54Zm-101-95q17 0 29-12t12-29q0-17-12-29t-29-12q-17 0-29 12t-12 29q0 17 12 29t29 12Zm-29-127h60q0-30 6-42t38-44q18-18 30-39t12-45q0-51-34.5-76.5T460-720q-44 0-74 24.5T344-636l56 22q5-17 19-33.5t41-16.5q27 0 40.5 15t13.5 33q0 17-10 30.5T480-558q-35 30-42.5 47.5T430-448Zm30-65Z\"><\/path><\/svg><\/span><\/span><\/span><div class=\"content_wrapper\"><div class=\"wgl-infobox-title_wrapper\"><h3 class=\"wgl-infobox_title\"><span class=\"wgl-infobox_title-idle\"><span class=\"elementor-repeater-item-f90c04f\">Do you want to learn more about knee prostheses?<\/span><\/span><\/h3><\/div><div class=\"wgl-infobox-content_wrapper\"><div class=\"wgl-infobox-content\"><p>On our Medicol website you will find additional detailed information.<\/p><\/div><\/div><div class=\"wgl-button-wrapper\"><a href=\"https:\/\/www.medicol.ch\/pathologies-du-genou\/arthrose-du-genou\/\" class=\"wgl-infobox_button wgl-button\" target=\"_blank\" rel=\"noopener\"><div class=\"button__content\"><div class=\"icon-wrapper\"><span class=\"wgl-icon\"> <svg class=\"read-more-icon e-font-icon-svg e-fas-external-link-alt\" aria-hidden=\"true\" viewbox=\"0 0 512 512\" xmlns=\"http:\/\/www.w3.org\/2000\/svg\"><path d=\"M432,320H400a16,16,0,0,0-16,16V448H64V128H208a16,16,0,0,0,16-16V80a16,16,0,0,0-16-16H48A48,48,0,0,0,0,112V464a48,48,0,0,0,48,48H400a48,48,0,0,0,48-48V336A16,16,0,0,0,432,320ZM488,0h-128c-21.37,0-32.05,25.91-17,41l35.73,35.73L135,320.37a24,24,0,0,0,0,34L157.67,377a24,24,0,0,0,34,0L435.28,133.32,471,169c15,15,41,4.5,41-17V24A24,24,0,0,0,488,0Z\"><\/path><\/svg><\/span><\/div><span class=\"button__text\">Learn more<\/span><\/div><\/a><\/div><\/div><\/div><\/div>\t\t\t\t<\/div>\n\t\t\t\t<\/div>\n\t\t\t\t\t<\/div>\n\t\t\t\t<\/div>\n\t\t\t\t<\/div>\n\t\t<div class=\"elementor-element elementor-element-af6abc0 e-flex e-con-boxed e-con e-parent\" data-id=\"af6abc0\" data-element_type=\"container\" data-e-type=\"container\">\n\t\t\t\t\t<div class=\"e-con-inner\">\n\t\t<div class=\"elementor-element elementor-element-cd05aee e-flex e-con-boxed e-con e-child\" data-id=\"cd05aee\" data-element_type=\"container\" data-e-type=\"container\" data-settings=\"{&quot;background_background&quot;:&quot;classic&quot;}\">\n\t\t\t\t\t<div class=\"e-con-inner\">\n\t\t<div class=\"elementor-element elementor-element-5997604 e-con-full e-flex e-con e-child\" data-id=\"5997604\" data-element_type=\"container\" data-e-type=\"container\">\n\t\t\t\t<div class=\"elementor-element elementor-element-0e2bf29 elementor-widget elementor-widget-image\" data-id=\"0e2bf29\" data-element_type=\"widget\" data-e-type=\"widget\" data-widget_type=\"image.default\">\n\t\t\t\t\t\t\t\t\t\t\t\t\t\t\t<img fetchpriority=\"high\" decoding=\"async\" width=\"660\" height=\"660\" src=\"https:\/\/www.centre-ortho.ch\/wp-content\/uploads\/2025\/10\/Dre-Amelie-Ammann-Orthopedie-generale-1.jpg\" class=\"attachment-large size-large wp-image-23756\" alt=\"\" srcset=\"https:\/\/www.centre-ortho.ch\/wp-content\/uploads\/2025\/10\/Dre-Amelie-Ammann-Orthopedie-generale-1.jpg 660w, https:\/\/www.centre-ortho.ch\/wp-content\/uploads\/2025\/10\/Dre-Amelie-Ammann-Orthopedie-generale-1-300x300.jpg 300w, https:\/\/www.centre-ortho.ch\/wp-content\/uploads\/2025\/10\/Dre-Amelie-Ammann-Orthopedie-generale-1-150x150.jpg 150w, https:\/\/www.centre-ortho.ch\/wp-content\/uploads\/2025\/10\/Dre-Amelie-Ammann-Orthopedie-generale-1-12x12.jpg 12w\" sizes=\"(max-width: 660px) 100vw, 660px\" \/>\t\t\t\t\t\t\t\t\t\t\t\t\t\t\t<\/div>\n\t\t\t\t<\/div>\n\t\t<div class=\"elementor-element elementor-element-9ceaeb5 e-con-full e-flex e-con e-child\" data-id=\"9ceaeb5\" data-element_type=\"container\" data-e-type=\"container\">\n\t\t\t\t<div class=\"elementor-element elementor-element-f35f1d4 elementor-widget elementor-widget-heading\" data-id=\"f35f1d4\" data-element_type=\"widget\" data-e-type=\"widget\" data-widget_type=\"heading.default\">\n\t\t\t\t\t<h2 class=\"elementor-heading-title elementor-size-default\"><a href=\"\/en\/team\/dr-amelie-ammann\/\">Dr. Am\u00e9lie Ammann<\/a><\/h2>\t\t\t\t<\/div>\n\t\t\t\t<div class=\"elementor-element elementor-element-692a5cd elementor-widget elementor-widget-heading\" data-id=\"692a5cd\" data-element_type=\"widget\" data-e-type=\"widget\" data-widget_type=\"heading.default\">\n\t\t\t\t\t<h6 class=\"elementor-heading-title elementor-size-default\">M\u00e9decin sp\u00e9cialiste en m\u00e9decine physique et r\u00e9adaptation,\nmembre FMH<br \/>\nM\u00e9decine du sport et de l\u2019exercice (SEMS)<\/h6>\t\t\t\t<\/div>\n\t\t\t\t<div class=\"elementor-element elementor-element-0576260 elementor-widget elementor-widget-button\" data-id=\"0576260\" data-element_type=\"widget\" data-e-type=\"widget\" data-widget_type=\"button.default\">\n\t\t\t\t\t\t\t\t\t\t<a class=\"elementor-button elementor-button-link elementor-size-sm\" href=\"\/en\/team\/dr-amelie-ammann\/\">\n\t\t\t\t\t\t<span class=\"elementor-button-content-wrapper\">\n\t\t\t\t\t\t\t\t\t<span class=\"elementor-button-text\">View his profile<\/span>\n\t\t\t\t\t<\/span>\n\t\t\t\t\t<\/a>\n\t\t\t\t\t\t\t\t<\/div>\n\t\t\t\t<\/div>\n\t\t\t\t\t<\/div>\n\t\t\t\t<\/div>\n\t\t\t\t\t<\/div>\n\t\t\t\t<\/div>\n\t\t<div class=\"elementor-element elementor-element-93c75c5 e-flex e-con-boxed e-con e-parent\" data-id=\"93c75c5\" data-element_type=\"container\" data-e-type=\"container\">\n\t\t\t\t\t<div class=\"e-con-inner\">\n\t\t\t\t\t<\/div>\n\t\t\t\t<\/div>\n\t\t\t\t<\/div>","protected":false},"excerpt":{"rendered":"<p>During my orthopedic training, I had the opportunity to complete professional internships in Romania, then in France, before continuing my studies to where I am today\u2026<\/p>","protected":false},"author":2,"featured_media":25656,"comment_status":"closed","ping_status":"closed","sticky":false,"template":"elementor_header_footer","format":"standard","meta":{"_acf_changed":false,"inline_featured_image":false,"footnotes":""},"categories":[135],"tags":[399],"class_list":["post-25652","post","type-post","status-publish","format-standard","has-post-thumbnail","hentry","category-nos-medecins-sexpriment","tag-homepage"],"acf":[],"_links":{"self":[{"href":"https:\/\/www.centre-ortho.ch\/en\/wp-json\/wp\/v2\/posts\/25652","targetHints":{"allow":["GET"]}}],"collection":[{"href":"https:\/\/www.centre-ortho.ch\/en\/wp-json\/wp\/v2\/posts"}],"about":[{"href":"https:\/\/www.centre-ortho.ch\/en\/wp-json\/wp\/v2\/types\/post"}],"author":[{"embeddable":true,"href":"https:\/\/www.centre-ortho.ch\/en\/wp-json\/wp\/v2\/users\/2"}],"replies":[{"embeddable":true,"href":"https:\/\/www.centre-ortho.ch\/en\/wp-json\/wp\/v2\/comments?post=25652"}],"version-history":[{"count":2,"href":"https:\/\/www.centre-ortho.ch\/en\/wp-json\/wp\/v2\/posts\/25652\/revisions"}],"predecessor-version":[{"id":25950,"href":"https:\/\/www.centre-ortho.ch\/en\/wp-json\/wp\/v2\/posts\/25652\/revisions\/25950"}],"wp:featuredmedia":[{"embeddable":true,"href":"https:\/\/www.centre-ortho.ch\/en\/wp-json\/wp\/v2\/media\/25656"}],"wp:attachment":[{"href":"https:\/\/www.centre-ortho.ch\/en\/wp-json\/wp\/v2\/media?parent=25652"}],"wp:term":[{"taxonomy":"category","embeddable":true,"href":"https:\/\/www.centre-ortho.ch\/en\/wp-json\/wp\/v2\/categories?post=25652"},{"taxonomy":"post_tag","embeddable":true,"href":"https:\/\/www.centre-ortho.ch\/en\/wp-json\/wp\/v2\/tags?post=25652"}],"curies":[{"name":"wp","href":"https:\/\/api.w.org\/{rel}","templated":true}]}}