{"id":26031,"date":"2026-08-24T13:42:34","date_gmt":"2026-08-24T13:42:34","guid":{"rendered":"https:\/\/www.centre-ortho.ch\/?p=26031"},"modified":"2026-08-24T13:55:14","modified_gmt":"2026-08-24T13:55:14","slug":"apres-une-chirurgie-orthopedique-pourquoi-la-reeducation-est-elle-si-importante","status":"publish","type":"post","link":"https:\/\/www.centre-ortho.ch\/en\/apres-une-chirurgie-orthopedique-pourquoi-la-reeducation-est-elle-si-importante\/","title":{"rendered":"Journ\u00e9e mondiale de la physioth\u00e9rapie &#8211; 8 septembre"},"content":{"rendered":"<div data-elementor-type=\"wp-post\" data-elementor-id=\"26031\" class=\"elementor elementor-26031\" data-elementor-post-type=\"post\">\n\t\t\t\t<div class=\"elementor-element elementor-element-c161368 e-con-full e-flex e-con e-parent\" data-id=\"c161368\" data-element_type=\"container\" data-e-type=\"container\">\n\t\t<div class=\"elementor-element elementor-element-4fe901e e-flex e-con-boxed e-con e-child\" data-id=\"4fe901e\" data-element_type=\"container\" data-e-type=\"container\" data-settings=\"{&quot;background_background&quot;:&quot;classic&quot;}\">\n\t\t\t\t\t<div class=\"e-con-inner\">\n\t\t\t\t<div class=\"elementor-element elementor-element-1edd79e elementor-widget elementor-widget-breadcrumbs\" data-id=\"1edd79e\" data-element_type=\"widget\" data-e-type=\"widget\" data-widget_type=\"breadcrumbs.default\">\n\t\t\t\t<div class=\"elementor-widget-container\">\n\t\t\t\t\t<nav aria-label=\"breadcrumbs\" class=\"rank-math-breadcrumb\"><p><span class=\"last\">Welcome<\/span><\/p><\/nav>\t\t\t\t<\/div>\n\t\t\t\t<\/div>\n\t\t\t\t\t<\/div>\n\t\t\t\t<\/div>\n\t\t<div class=\"elementor-element elementor-element-25ceac6 e-flex e-con-boxed e-con e-child\" data-id=\"25ceac6\" data-element_type=\"container\" data-e-type=\"container\">\n\t\t\t\t\t<div class=\"e-con-inner\">\n\t\t<div class=\"elementor-element elementor-element-787a1d2 e-con-full e-flex e-con e-child\" data-id=\"787a1d2\" data-element_type=\"container\" data-e-type=\"container\" data-settings=\"{&quot;background_background&quot;:&quot;classic&quot;}\">\n\t\t\t\t<\/div>\n\t\t\t\t\t<\/div>\n\t\t\t\t<\/div>\n\t\t<div class=\"elementor-element elementor-element-e681820 e-flex e-con-boxed e-con e-child\" data-id=\"e681820\" data-element_type=\"container\" data-e-type=\"container\">\n\t\t\t\t\t<div class=\"e-con-inner\">\n\t\t\t\t<div class=\"elementor-element elementor-element-dad172c elementor-widget elementor-widget-post-info\" data-id=\"dad172c\" data-element_type=\"widget\" data-e-type=\"widget\" data-widget_type=\"post-info.default\">\n\t\t\t\t\t\t\t<ul class=\"elementor-inline-items elementor-icon-list-items elementor-post-info\">\n\t\t\t\t\t\t\t\t<li class=\"elementor-icon-list-item elementor-repeater-item-bcc3aa0 elementor-inline-item\" itemprop=\"about\">\n\t\t\t\t\t\t\t\t\t\t\t\t\t<span class=\"elementor-icon-list-text elementor-post-info__item elementor-post-info__item--type-terms\">\n\t\t\t\t\t\t\t\t\t\t<span class=\"elementor-post-info__terms-list\">\n\t\t\t\t<span class=\"elementor-post-info__terms-list-item\">News<\/span>\t\t\t\t<\/span>\n\t\t\t\t\t<\/span>\n\t\t\t\t\t\t\t\t<\/li>\n\t\t\t\t<\/ul>\n\t\t\t\t\t\t<\/div>\n\t\t\t\t<div class=\"elementor-element elementor-element-93344db elementor-widget elementor-widget-heading\" data-id=\"93344db\" data-element_type=\"widget\" data-e-type=\"widget\" data-widget_type=\"heading.default\">\n\t\t\t\t\t<h1 class=\"elementor-heading-title elementor-size-default\">Journ\u00e9e mondiale de la physioth\u00e9rapie &#8211; 8 septembre<\/h1>\t\t\t\t<\/div>\n\t\t\t\t<div class=\"elementor-element elementor-element-394358c elementor-widget elementor-widget-text-editor\" data-id=\"394358c\" data-element_type=\"widget\" data-e-type=\"widget\" data-widget_type=\"text-editor.default\">\n\t\t\t\t\t\t\t\t\t<div class=\"x_x_elementToProof\"><span style=\"font-size: 22px;\"><strong>Apr\u00e8s une chirurgie orthop\u00e9dique, pourquoi la r\u00e9\u00e9ducation est-elle si importante?<\/strong><\/span><\/div><div>\u00a0<\/div><div class=\"x_x_elementToProof\">La physioth\u00e9rapie est un maillon essentiel du parcours de soins. Qu\u2019il s\u2019agisse de r\u00e9cup\u00e9rer apr\u00e8s une intervention chirurgicale, de retrouver sa mobilit\u00e9 apr\u00e8s une blessure ou d\u2019accompagner une pathologie chronique, elle contribue chaque jour \u00e0 am\u00e9liorer la qualit\u00e9 de vie des patients.<\/div><div class=\"x_x_elementToProof\"><p><span>Dans le cadre de notre partenariat avec la Clinique Bois-Cerf, nous partageons une vision commune: offrir un accompagnement personnalis\u00e9 et coordonn\u00e9, centr\u00e9 sur les besoins de chaque patient.<\/span><\/p><p><span>Cette collaboration \u00e9troite entre les \u00e9quipes m\u00e9dicales, les physioth\u00e9rapeutes et les autres professionnels de sant\u00e9 permet d\u2019assurer une prise en charge globale, favorisant la r\u00e9cup\u00e9ration fonctionnelle, l\u2019autonomie et le retour aux activit\u00e9s du quotidien dans les meilleures conditions.<\/span><\/p><p><strong>\u00c0 l\u2019occasion de la Journ\u00e9e mondiale de la physioth\u00e9rapie, nous souhaitons mettre \u00e0 l\u2019honneur les physioth\u00e9rapeutes de la Clinique Bois-Cerf\u00a0et les remercier pour leur expertise, leur engagement et leur accompagnement au quotidien.<\/strong><\/p><p><span>Par leur savoir-faire et leur proximit\u00e9 avec les patients, ils jouent un r\u00f4le d\u00e9terminant dans le chemin vers la r\u00e9cup\u00e9ration, le mouvement et l\u2019autonomie retrouv\u00e9e.<\/span><\/p><p><span>\u00a0<\/span><\/p><\/div>\t\t\t\t\t\t\t\t<\/div>\n\t\t\t\t<div class=\"elementor-element elementor-element-da8d22b aleft elementor-widget-icon-box wgl-icon-box wgl-view-default button-left elementor-widget elementor-widget-wgl-infobox\" data-id=\"da8d22b\" data-element_type=\"widget\" data-e-type=\"widget\" data-widget_type=\"wgl-infobox.default\">\n\t\t\t\t<div class=\"elementor-widget-container\">\n\t\t\t\t\t<div class=\"wgl-infobox_bg_wrapper\"><\/div><div class=\"wgl-infobox\"><div class=\"wgl-infobox_wrapper wgl-layout-left\"><span class=\"media-wrapper icon-wrapper\"><span class=\"wgl-icon\" ><span class=\"icon elementor-icon\"><svg xmlns=\"http:\/\/www.w3.org\/2000\/svg\" height=\"24px\" viewbox=\"0 -960 960 960\" width=\"24px\" fill=\"#1f1f1f\"><path d=\"m480-80-10-120h-10q-142 0-241-99t-99-241q0-142 99-241t241-99q71 0 132.5 26.5t108 73q46.5 46.5 73 108T800-540q0 75-24.5 144t-67 128q-42.5 59-101 107T480-80Zm80-146q71-60 115.5-140.5T720-540q0-109-75.5-184.5T460-800q-109 0-184.5 75.5T200-540q0 109 75.5 184.5T460-280h100v54Zm-101-95q17 0 29-12t12-29q0-17-12-29t-29-12q-17 0-29 12t-12 29q0 17 12 29t29 12Zm-29-127h60q0-30 6-42t38-44q18-18 30-39t12-45q0-51-34.5-76.5T460-720q-44 0-74 24.5T344-636l56 22q5-17 19-33.5t41-16.5q27 0 40.5 15t13.5 33q0 17-10 30.5T480-558q-35 30-42.5 47.5T430-448Zm30-65Z\"><\/path><\/svg><\/span><\/span><\/span><div class=\"content_wrapper\"><div class=\"wgl-infobox-title_wrapper\"><h3 class=\"wgl-infobox_title\"><span class=\"wgl-infobox_title-idle\"><span class=\"elementor-repeater-item-f90c04f\">Vous voulez en apprendre plus sur la r\u00e9\u00e9ducation?<\/span><\/span><\/h3><\/div><div class=\"wgl-infobox-content_wrapper\"><div class=\"wgl-infobox-content\"><p>On our Medicol website you will find additional detailed information.<\/p><\/div><\/div><div class=\"wgl-button-wrapper\"><a href=\"https:\/\/www.medicol.ch\/retour-au-sport-apres-prothese-de-la-hanche-ou-du-genou\/\" class=\"wgl-infobox_button wgl-button\" target=\"_blank\" rel=\"noopener\"><div class=\"button__content\"><div class=\"icon-wrapper\"><span class=\"wgl-icon\"> <svg class=\"read-more-icon e-font-icon-svg e-fas-external-link-alt\" aria-hidden=\"true\" viewbox=\"0 0 512 512\" xmlns=\"http:\/\/www.w3.org\/2000\/svg\"><path d=\"M432,320H400a16,16,0,0,0-16,16V448H64V128H208a16,16,0,0,0,16-16V80a16,16,0,0,0-16-16H48A48,48,0,0,0,0,112V464a48,48,0,0,0,48,48H400a48,48,0,0,0,48-48V336A16,16,0,0,0,432,320ZM488,0h-128c-21.37,0-32.05,25.91-17,41l35.73,35.73L135,320.37a24,24,0,0,0,0,34L157.67,377a24,24,0,0,0,34,0L435.28,133.32,471,169c15,15,41,4.5,41-17V24A24,24,0,0,0,488,0Z\"><\/path><\/svg><\/span><\/div><span class=\"button__text\">Learn more<\/span><\/div><\/a><\/div><\/div><\/div><\/div>\t\t\t\t<\/div>\n\t\t\t\t<\/div>\n\t\t\t\t\t<\/div>\n\t\t\t\t<\/div>\n\t\t\t\t<\/div>\n\t\t<div class=\"elementor-element elementor-element-af6abc0 elementor-hidden-desktop elementor-hidden-tablet elementor-hidden-mobile e-flex e-con-boxed e-con e-parent\" data-id=\"af6abc0\" data-element_type=\"container\" data-e-type=\"container\">\n\t\t\t\t\t<div class=\"e-con-inner\">\n\t\t<div class=\"elementor-element elementor-element-cd05aee e-flex e-con-boxed e-con e-child\" data-id=\"cd05aee\" data-element_type=\"container\" data-e-type=\"container\" data-settings=\"{&quot;background_background&quot;:&quot;classic&quot;}\">\n\t\t\t\t\t<div class=\"e-con-inner\">\n\t\t<div class=\"elementor-element elementor-element-5997604 e-con-full e-flex e-con e-child\" data-id=\"5997604\" data-element_type=\"container\" data-e-type=\"container\">\n\t\t\t\t<\/div>\n\t\t<div class=\"elementor-element elementor-element-9ceaeb5 e-con-full e-flex e-con e-child\" data-id=\"9ceaeb5\" data-element_type=\"container\" data-e-type=\"container\">\n\t\t\t\t<div class=\"elementor-element elementor-element-f35f1d4 elementor-widget elementor-widget-heading\" data-id=\"f35f1d4\" data-element_type=\"widget\" data-e-type=\"widget\" data-widget_type=\"heading.default\">\n\t\t\t\t\t<h2 class=\"elementor-heading-title elementor-size-default\">Dr. Am\u00e9lie Ammann<\/h2>\t\t\t\t<\/div>\n\t\t\t\t<div class=\"elementor-element elementor-element-692a5cd elementor-widget elementor-widget-heading\" data-id=\"692a5cd\" data-element_type=\"widget\" data-e-type=\"widget\" data-widget_type=\"heading.default\">\n\t\t\t\t\t<h6 class=\"elementor-heading-title elementor-size-default\">M\u00e9decin sp\u00e9cialiste en m\u00e9decine physique et r\u00e9adaptation,\nmembre FMH<br \/>\nM\u00e9decine du sport et de l\u2019exercice (SEMS)<\/h6>\t\t\t\t<\/div>\n\t\t\t\t<div class=\"elementor-element elementor-element-0576260 elementor-widget elementor-widget-button\" data-id=\"0576260\" data-element_type=\"widget\" data-e-type=\"widget\" data-widget_type=\"button.default\">\n\t\t\t\t\t\t\t\t\t\t<a class=\"elementor-button elementor-size-sm\" role=\"button\">\n\t\t\t\t\t\t<span class=\"elementor-button-content-wrapper\">\n\t\t\t\t\t\t\t\t\t<span class=\"elementor-button-text\">View his profile<\/span>\n\t\t\t\t\t<\/span>\n\t\t\t\t\t<\/a>\n\t\t\t\t\t\t\t\t<\/div>\n\t\t\t\t<\/div>\n\t\t\t\t\t<\/div>\n\t\t\t\t<\/div>\n\t\t\t\t\t<\/div>\n\t\t\t\t<\/div>\n\t\t<div class=\"elementor-element elementor-element-93c75c5 e-flex e-con-boxed e-con e-parent\" data-id=\"93c75c5\" data-element_type=\"container\" data-e-type=\"container\">\n\t\t\t\t\t<div class=\"e-con-inner\">\n\t\t\t\t\t<\/div>\n\t\t\t\t<\/div>\n\t\t\t\t<\/div>","protected":false},"excerpt":{"rendered":"<p>Accueil Apr\u00e8s une chirurgie orthop\u00e9dique, pourquoi la r\u00e9\u00e9ducation est-elle si importante?\u00a0La physioth\u00e9rapie est un maillon essentiel du parcours de soins. Qu\u2019il s\u2019agisse de r\u00e9cup\u00e9rer apr\u00e8s une intervention chirurgicale, de retrouver sa mobilit\u00e9 apr\u00e8s une blessure ou d\u2019accompagner une pathologie chronique, elle contribue chaque jour \u00e0 am\u00e9liorer la qualit\u00e9 de vie des patients. Dans le cadre [&hellip;]<\/p>\n","protected":false},"author":2,"featured_media":26034,"comment_status":"closed","ping_status":"closed","sticky":false,"template":"elementor_header_footer","format":"standard","meta":{"_acf_changed":false,"inline_featured_image":false,"footnotes":""},"categories":[134],"tags":[399],"class_list":["post-26031","post","type-post","status-publish","format-standard","has-post-thumbnail","hentry","category-actualites","tag-homepage"],"acf":[],"_links":{"self":[{"href":"https:\/\/www.centre-ortho.ch\/en\/wp-json\/wp\/v2\/posts\/26031","targetHints":{"allow":["GET"]}}],"collection":[{"href":"https:\/\/www.centre-ortho.ch\/en\/wp-json\/wp\/v2\/posts"}],"about":[{"href":"https:\/\/www.centre-ortho.ch\/en\/wp-json\/wp\/v2\/types\/post"}],"author":[{"embeddable":true,"href":"https:\/\/www.centre-ortho.ch\/en\/wp-json\/wp\/v2\/users\/2"}],"replies":[{"embeddable":true,"href":"https:\/\/www.centre-ortho.ch\/en\/wp-json\/wp\/v2\/comments?post=26031"}],"version-history":[{"count":2,"href":"https:\/\/www.centre-ortho.ch\/en\/wp-json\/wp\/v2\/posts\/26031\/revisions"}],"predecessor-version":[{"id":26069,"href":"https:\/\/www.centre-ortho.ch\/en\/wp-json\/wp\/v2\/posts\/26031\/revisions\/26069"}],"wp:featuredmedia":[{"embeddable":true,"href":"https:\/\/www.centre-ortho.ch\/en\/wp-json\/wp\/v2\/media\/26034"}],"wp:attachment":[{"href":"https:\/\/www.centre-ortho.ch\/en\/wp-json\/wp\/v2\/media?parent=26031"}],"wp:term":[{"taxonomy":"category","embeddable":true,"href":"https:\/\/www.centre-ortho.ch\/en\/wp-json\/wp\/v2\/categories?post=26031"},{"taxonomy":"post_tag","embeddable":true,"href":"https:\/\/www.centre-ortho.ch\/en\/wp-json\/wp\/v2\/tags?post=26031"}],"curies":[{"name":"wp","href":"https:\/\/api.w.org\/{rel}","templated":true}]}}